{"id":3254,"date":"2023-06-22T14:22:43","date_gmt":"2023-06-22T12:22:43","guid":{"rendered":"https:\/\/www.kontinenzzentrum.ch\/?p=3254"},"modified":"2023-06-22T14:24:44","modified_gmt":"2023-06-22T12:24:44","slug":"inkontinenz-und-mobilitaet-im-alter-korrelieren","status":"publish","type":"post","link":"https:\/\/www.kontinenzzentrum.ch\/de\/blog\/detail\/inkontinenz-und-mobilitaet-im-alter-korrelieren.html","title":{"rendered":"Inkontinenz und Mobilit\u00e4t im Alter korrelieren"},"content":{"rendered":"<h3><strong>Mehrere wissenschaftliche Studien zeigen, dass es einen deutlichen Zusammenhang gibt zwischen einer schwachen Blase und Mobilit\u00e4t, insbesondere im Alter.<\/strong><\/h3>\n<p style=\"font-weight: 400;\">In j\u00fcngeren Jahren k\u00f6nnen sich exzessiver Sport,\u00a0 Sportverletzungen, h\u00e4ufiges, schweres Heben negativ auf die Inkontinenz auswirken, Demgegen\u00fcber wirken sich gem\u00e4ssigte Sportarten wie Schwimmen, Wandern, Beckenbodentraining, Yoga und Pilates in allen Lebensphasen positive auf die Blasen- und Beckenbodenfunktion aus.<\/p>\n<figure id=\"attachment_260\" aria-describedby=\"caption-attachment-260\" style=\"width: 353px\" class=\"wp-caption alignright\"><img decoding=\"async\" class=\"wp-image-260\" src=\"https:\/\/www.kontinenzzentrum.ch\/wp-content\/uploads\/adobestock_248688939-300x189.jpeg\" alt=\"Kontinenz und Mobilit\u00e4t \" width=\"353\" height=\"222\" srcset=\"https:\/\/www.kontinenzzentrum.ch\/wp-content\/uploads\/adobestock_248688939-300x189.jpeg 300w, https:\/\/www.kontinenzzentrum.ch\/wp-content\/uploads\/adobestock_248688939.jpeg 350w\" sizes=\"(max-width: 353px) 100vw, 353px\" \/><figcaption id=\"caption-attachment-260\" class=\"wp-caption-text\">Je mobiler Senioren im Alter sind, desto gr\u00f6sser ist die Wahrscheinlichkeit, dass sie kontinent bleiben.<\/figcaption><\/figure>\n<p style=\"font-weight: 400;\"><a href=\"https:\/\/www.kontinenzzentrum.ch\/de\/medien\/videos\/inkontinenz.html\">Inkontinenz<\/a> wird eher mit \u00e4lteren Menschen in Verbindung gebracht. Mit dem Alter l\u00e4sst einerseits die Muskelkraft nach, was den Beckenboden als auch den Schliessmuskel schw\u00e4cht. So wird es mit zunehmendem Alter tendenziell schwieriger die Blase wie gew\u00fcnscht zu steuern. Auch kann eine verringerte Mobilit\u00e4t den Gang zur Toilette erschweren und verl\u00e4ngern. Dazu kommt, dass mit fortschreitendem Alter durch zus\u00e4tzliche oft neurologische Erkrankungen wie Parkinson, Schlaganfall aber auch Demenz die Mobilit\u00e4t zus\u00e4tzlich zur altersbedingten, nachlassenden Muskelkraft beeintr\u00e4chtigt wird.<\/p>\n<p style=\"font-weight: 400;\">Je \u00e4lter ein Mensch wir desto h\u00f6her ist die Wahrscheinlichkeit f\u00fcr Alterserkrankungen. Dies kann zu einer Negativspirale f\u00fchren. Durch die verlangsamte Fortbewegung \u00a0und eingeschr\u00e4nkte bedarf es mehr Zeit zur Toilette. Durch die nachlassende Muskelkraft wird auch der Harndrang sp\u00e4ter versp\u00fcrt und der Schliessmuskel schw\u00e4cher. Neuronale Ver\u00e4nderungen k\u00f6nnen die Sensibilit\u00e4t sowohl der Beine als auch der Blase und des Schliessmuskels verringern. Zudem verst\u00e4rkt eine eingeschr\u00e4nkte Bewegungsf\u00e4higkeit den altersbedingten Muskelabbau: ein Teufelskreis, der eine beginnende Inkontinenz verst\u00e4rkt.<\/p>\n<p style=\"font-weight: 400;\">Diesen Zusammenhang zwischen Inkontinenz und eingeschr\u00e4nkter Fortbewegung wird durch verschieden Studien deutlich: es gibt viele Indikatoren, dass es eine starke Korrelation zwischen Harnblasenfunktionsst\u00f6rungen und eingeschr\u00e4nkter Mobilit\u00e4t gibt, da beides durch bestimmte Altersfaktoren geschw\u00e4cht wird.<\/p>\n<p style=\"font-weight: 400;\">Deshalb ist es in jeder Lebensphase, aber insbesondere im Alter, besonders wichtig auf die allgemeine k\u00f6rperliche Fitness zu achten und daf\u00fcr zu sorgen, dass mit gezieltem Beckenbodentraining einerseits Schliessmuskel und Blase m\u00f6glichst stark bleiben und andererseits mit gem\u00e4ssigten Sportarten auch die Beinmobilit\u00e4t gegeben ist.<\/p>\n<p style=\"font-weight: 400;\"><strong>Eine \u00abfitte\u00bb Blase mit starken <a href=\"https:\/\/www.kontinenzzentrum.ch\/de\/kompetenzen\/beckenbodentherapie.html\">Beckenboden<\/a> und starkem Schliessmuskel kann den langsamen Gang zur Toilette kompensieren. W\u00e4hrend ein fitter Gang wiederum den Weg zur Toilette verk\u00fcrzt und hilft die K\u00f6rpermitte zu unterst\u00fctzen. So kann durch gezielte Kr\u00e4ftigung und Pr\u00e4vention die Blase gest\u00e4rkt und die Inkontinenz gemindert und damit auch die Lebensqualit\u00e4t erh\u00f6ht werden.<\/strong><\/p>\n<p style=\"font-weight: 400;\">Sources:<\/p>\n<p style=\"font-weight: 400;\"><a href=\"https:\/\/www.proquest.com\/openview\/4add7e3f32b35199f0f25165dad922e4\/1?pq-origsite=gscholar&amp;cbl=1456342\">https:\/\/www.proquest.com\/openview\/4add7e3f32b35199f0f25165dad922e4\/1?pq-origsite=gscholar&amp;cbl=1456342<\/a><\/p>\n<p style=\"font-weight: 400;\"><a href=\"https:\/\/www.thieme-connect.com\/products\/ejournals\/abstract\/10.1055\/a-1405-3828\">https:\/\/www.thieme-connect.com\/products\/ejournals\/abstract\/10.1055\/a-1405-3828<\/a><\/p>\n","protected":false},"excerpt":{"rendered":"<p>Mehrere wissenschaftliche Studien zeigen, dass es einen deutlichen Zusammenhang gibt zwischen einer schwachen Blase und Mobilit\u00e4t, insbesondere im Alter. In j\u00fcngeren Jahren k\u00f6nnen sich exzessiver Sport,\u00a0 Sportverletzungen, h\u00e4ufiges, schweres Heben negativ auf die Inkontinenz auswirken, Demgegen\u00fcber wirken sich gem\u00e4ssigte Sportarten wie Schwimmen, Wandern, Beckenbodentraining, Yoga und Pilates in allen Lebensphasen positive auf die Blasen- und [&hellip;]<\/p>\n","protected":false},"author":2,"featured_media":0,"comment_status":"closed","ping_status":"closed","sticky":false,"template":"","format":"standard","meta":{"_acf_changed":false,"footnotes":""},"categories":[1],"tags":[],"class_list":["post-3254","post","type-post","status-publish","format-standard","hentry","category-unkategorisiert"],"acf":[],"yoast_head":"<!-- This site is optimized with the Yoast SEO plugin v26.9 - https:\/\/yoast.com\/product\/yoast-seo-wordpress\/ -->\n<title>Inkontinenz und Mobilit\u00e4t im Alter korrelieren<\/title>\n<meta name=\"robots\" content=\"index, follow, max-snippet:-1, max-image-preview:large, max-video-preview:-1\" \/>\n<link rel=\"canonical\" href=\"https:\/\/www.kontinenzzentrum.ch\/de\/blog\/detail\/inkontinenz-und-mobilitaet-im-alter-korrelieren.html\" \/>\n<meta property=\"og:locale\" content=\"de_DE\" \/>\n<meta property=\"og:type\" content=\"article\" \/>\n<meta property=\"og:title\" content=\"Inkontinenz und Mobilit\u00e4t im Alter korrelieren\" \/>\n<meta property=\"og:description\" content=\"Mehrere wissenschaftliche Studien zeigen, dass es einen deutlichen Zusammenhang gibt zwischen einer schwachen Blase und Mobilit\u00e4t, insbesondere im Alter. In j\u00fcngeren Jahren k\u00f6nnen sich exzessiver Sport,\u00a0 Sportverletzungen, h\u00e4ufiges, schweres Heben negativ auf die Inkontinenz auswirken, Demgegen\u00fcber wirken sich gem\u00e4ssigte Sportarten wie Schwimmen, Wandern, Beckenbodentraining, Yoga und Pilates in allen Lebensphasen positive auf die Blasen- und [&hellip;]\" \/>\n<meta property=\"og:url\" content=\"https:\/\/www.kontinenzzentrum.ch\/de\/blog\/detail\/inkontinenz-und-mobilitaet-im-alter-korrelieren.html\" \/>\n<meta property=\"og:site_name\" content=\"KontinenzZentrum\" \/>\n<meta property=\"article:published_time\" content=\"2023-06-22T12:22:43+00:00\" \/>\n<meta property=\"article:modified_time\" content=\"2023-06-22T12:24:44+00:00\" \/>\n<meta property=\"og:image\" content=\"https:\/\/www.kontinenzzentrum.ch\/wp-content\/uploads\/adobestock_248688939-300x189.jpeg\" \/>\n<meta name=\"author\" content=\"Eva Reitz\" \/>\n<meta name=\"twitter:card\" content=\"summary_large_image\" \/>\n<meta name=\"twitter:label1\" content=\"Verfasst von\" \/>\n\t<meta name=\"twitter:data1\" content=\"Eva Reitz\" \/>\n\t<meta name=\"twitter:label2\" content=\"Gesch\u00e4tzte Lesezeit\" \/>\n\t<meta name=\"twitter:data2\" content=\"3\u00a0Minuten\" \/>\n<script type=\"application\/ld+json\" class=\"yoast-schema-graph\">{\"@context\":\"https:\/\/schema.org\",\"@graph\":[{\"@type\":\"Article\",\"@id\":\"https:\/\/www.kontinenzzentrum.ch\/de\/blog\/detail\/inkontinenz-und-mobilitaet-im-alter-korrelieren.html#article\",\"isPartOf\":{\"@id\":\"https:\/\/www.kontinenzzentrum.ch\/de\/blog\/detail\/inkontinenz-und-mobilitaet-im-alter-korrelieren.html\"},\"author\":{\"name\":\"Eva Reitz\",\"@id\":\"https:\/\/www.kontinenzzentrum.ch\/de\/#\/schema\/person\/6ab2ae0180a38ad9565ede9d544ae09b\"},\"headline\":\"Inkontinenz und Mobilit\u00e4t im Alter korrelieren\",\"datePublished\":\"2023-06-22T12:22:43+00:00\",\"dateModified\":\"2023-06-22T12:24:44+00:00\",\"mainEntityOfPage\":{\"@id\":\"https:\/\/www.kontinenzzentrum.ch\/de\/blog\/detail\/inkontinenz-und-mobilitaet-im-alter-korrelieren.html\"},\"wordCount\":445,\"publisher\":{\"@id\":\"https:\/\/www.kontinenzzentrum.ch\/de\/#organization\"},\"image\":{\"@id\":\"https:\/\/www.kontinenzzentrum.ch\/de\/blog\/detail\/inkontinenz-und-mobilitaet-im-alter-korrelieren.html#primaryimage\"},\"thumbnailUrl\":\"https:\/\/www.kontinenzzentrum.ch\/wp-content\/uploads\/adobestock_248688939-300x189.jpeg\",\"articleSection\":[\"Unkategorisiert\"],\"inLanguage\":\"de\"},{\"@type\":\"WebPage\",\"@id\":\"https:\/\/www.kontinenzzentrum.ch\/de\/blog\/detail\/inkontinenz-und-mobilitaet-im-alter-korrelieren.html\",\"url\":\"https:\/\/www.kontinenzzentrum.ch\/de\/blog\/detail\/inkontinenz-und-mobilitaet-im-alter-korrelieren.html\",\"name\":\"Inkontinenz und Mobilit\u00e4t im Alter korrelieren\",\"isPartOf\":{\"@id\":\"https:\/\/www.kontinenzzentrum.ch\/de\/#website\"},\"primaryImageOfPage\":{\"@id\":\"https:\/\/www.kontinenzzentrum.ch\/de\/blog\/detail\/inkontinenz-und-mobilitaet-im-alter-korrelieren.html#primaryimage\"},\"image\":{\"@id\":\"https:\/\/www.kontinenzzentrum.ch\/de\/blog\/detail\/inkontinenz-und-mobilitaet-im-alter-korrelieren.html#primaryimage\"},\"thumbnailUrl\":\"https:\/\/www.kontinenzzentrum.ch\/wp-content\/uploads\/adobestock_248688939-300x189.jpeg\",\"datePublished\":\"2023-06-22T12:22:43+00:00\",\"dateModified\":\"2023-06-22T12:24:44+00:00\",\"breadcrumb\":{\"@id\":\"https:\/\/www.kontinenzzentrum.ch\/de\/blog\/detail\/inkontinenz-und-mobilitaet-im-alter-korrelieren.html#breadcrumb\"},\"inLanguage\":\"de\",\"potentialAction\":[{\"@type\":\"ReadAction\",\"target\":[\"https:\/\/www.kontinenzzentrum.ch\/de\/blog\/detail\/inkontinenz-und-mobilitaet-im-alter-korrelieren.html\"]}]},{\"@type\":\"ImageObject\",\"inLanguage\":\"de\",\"@id\":\"https:\/\/www.kontinenzzentrum.ch\/de\/blog\/detail\/inkontinenz-und-mobilitaet-im-alter-korrelieren.html#primaryimage\",\"url\":\"https:\/\/www.kontinenzzentrum.ch\/wp-content\/uploads\/adobestock_248688939-300x189.jpeg\",\"contentUrl\":\"https:\/\/www.kontinenzzentrum.ch\/wp-content\/uploads\/adobestock_248688939-300x189.jpeg\"},{\"@type\":\"BreadcrumbList\",\"@id\":\"https:\/\/www.kontinenzzentrum.ch\/de\/blog\/detail\/inkontinenz-und-mobilitaet-im-alter-korrelieren.html#breadcrumb\",\"itemListElement\":[{\"@type\":\"ListItem\",\"position\":1,\"name\":\"Startseite\",\"item\":\"https:\/\/www.kontinenzzentrum.ch\/de\"},{\"@type\":\"ListItem\",\"position\":2,\"name\":\"Inkontinenz und Mobilit\u00e4t im Alter korrelieren\"}]},{\"@type\":\"WebSite\",\"@id\":\"https:\/\/www.kontinenzzentrum.ch\/de\/#website\",\"url\":\"https:\/\/www.kontinenzzentrum.ch\/de\/\",\"name\":\"KontinenzZentrum Hirslanden Z\u00fcrich\",\"description\":\"KontinenzZentrum Hirslanden Z\u00fcrich: Blasenst\u00f6rungen & Inkontinenz\",\"publisher\":{\"@id\":\"https:\/\/www.kontinenzzentrum.ch\/de\/#organization\"},\"potentialAction\":[{\"@type\":\"SearchAction\",\"target\":{\"@type\":\"EntryPoint\",\"urlTemplate\":\"https:\/\/www.kontinenzzentrum.ch\/de\/?s={search_term_string}\"},\"query-input\":{\"@type\":\"PropertyValueSpecification\",\"valueRequired\":true,\"valueName\":\"search_term_string\"}}],\"inLanguage\":\"de\"},{\"@type\":\"Organization\",\"@id\":\"https:\/\/www.kontinenzzentrum.ch\/de\/#organization\",\"name\":\"KontinenzZentrum Hirslanden Z\u00fcrich\",\"url\":\"https:\/\/www.kontinenzzentrum.ch\/de\/\",\"logo\":{\"@type\":\"ImageObject\",\"inLanguage\":\"de\",\"@id\":\"https:\/\/www.kontinenzzentrum.ch\/de\/#\/schema\/logo\/image\/\",\"url\":\"https:\/\/www.kontinenzzentrum.ch\/wp-content\/uploads\/Logo_KontinenzZentrum.png\",\"contentUrl\":\"https:\/\/www.kontinenzzentrum.ch\/wp-content\/uploads\/Logo_KontinenzZentrum.png\",\"width\":800,\"height\":142,\"caption\":\"KontinenzZentrum Hirslanden Z\u00fcrich\"},\"image\":{\"@id\":\"https:\/\/www.kontinenzzentrum.ch\/de\/#\/schema\/logo\/image\/\"}},{\"@type\":\"Person\",\"@id\":\"https:\/\/www.kontinenzzentrum.ch\/de\/#\/schema\/person\/6ab2ae0180a38ad9565ede9d544ae09b\",\"name\":\"Eva Reitz\",\"url\":\"https:\/\/www.kontinenzzentrum.ch\/de\/blog\/detail\/author\/eva-reitz\"}]}<\/script>\n<!-- \/ Yoast SEO plugin. -->","yoast_head_json":{"title":"Inkontinenz und Mobilit\u00e4t im Alter korrelieren","robots":{"index":"index","follow":"follow","max-snippet":"max-snippet:-1","max-image-preview":"max-image-preview:large","max-video-preview":"max-video-preview:-1"},"canonical":"https:\/\/www.kontinenzzentrum.ch\/de\/blog\/detail\/inkontinenz-und-mobilitaet-im-alter-korrelieren.html","og_locale":"de_DE","og_type":"article","og_title":"Inkontinenz und Mobilit\u00e4t im Alter korrelieren","og_description":"Mehrere wissenschaftliche Studien zeigen, dass es einen deutlichen Zusammenhang gibt zwischen einer schwachen Blase und Mobilit\u00e4t, insbesondere im Alter. In j\u00fcngeren Jahren k\u00f6nnen sich exzessiver Sport,\u00a0 Sportverletzungen, h\u00e4ufiges, schweres Heben negativ auf die Inkontinenz auswirken, Demgegen\u00fcber wirken sich gem\u00e4ssigte Sportarten wie Schwimmen, Wandern, Beckenbodentraining, Yoga und Pilates in allen Lebensphasen positive auf die Blasen- und [&hellip;]","og_url":"https:\/\/www.kontinenzzentrum.ch\/de\/blog\/detail\/inkontinenz-und-mobilitaet-im-alter-korrelieren.html","og_site_name":"KontinenzZentrum","article_published_time":"2023-06-22T12:22:43+00:00","article_modified_time":"2023-06-22T12:24:44+00:00","og_image":[{"url":"https:\/\/www.kontinenzzentrum.ch\/wp-content\/uploads\/adobestock_248688939-300x189.jpeg","type":"","width":"","height":""}],"author":"Eva Reitz","twitter_card":"summary_large_image","twitter_misc":{"Verfasst von":"Eva Reitz","Gesch\u00e4tzte Lesezeit":"3\u00a0Minuten"},"schema":{"@context":"https:\/\/schema.org","@graph":[{"@type":"Article","@id":"https:\/\/www.kontinenzzentrum.ch\/de\/blog\/detail\/inkontinenz-und-mobilitaet-im-alter-korrelieren.html#article","isPartOf":{"@id":"https:\/\/www.kontinenzzentrum.ch\/de\/blog\/detail\/inkontinenz-und-mobilitaet-im-alter-korrelieren.html"},"author":{"name":"Eva Reitz","@id":"https:\/\/www.kontinenzzentrum.ch\/de\/#\/schema\/person\/6ab2ae0180a38ad9565ede9d544ae09b"},"headline":"Inkontinenz und Mobilit\u00e4t im Alter korrelieren","datePublished":"2023-06-22T12:22:43+00:00","dateModified":"2023-06-22T12:24:44+00:00","mainEntityOfPage":{"@id":"https:\/\/www.kontinenzzentrum.ch\/de\/blog\/detail\/inkontinenz-und-mobilitaet-im-alter-korrelieren.html"},"wordCount":445,"publisher":{"@id":"https:\/\/www.kontinenzzentrum.ch\/de\/#organization"},"image":{"@id":"https:\/\/www.kontinenzzentrum.ch\/de\/blog\/detail\/inkontinenz-und-mobilitaet-im-alter-korrelieren.html#primaryimage"},"thumbnailUrl":"https:\/\/www.kontinenzzentrum.ch\/wp-content\/uploads\/adobestock_248688939-300x189.jpeg","articleSection":["Unkategorisiert"],"inLanguage":"de"},{"@type":"WebPage","@id":"https:\/\/www.kontinenzzentrum.ch\/de\/blog\/detail\/inkontinenz-und-mobilitaet-im-alter-korrelieren.html","url":"https:\/\/www.kontinenzzentrum.ch\/de\/blog\/detail\/inkontinenz-und-mobilitaet-im-alter-korrelieren.html","name":"Inkontinenz und Mobilit\u00e4t im Alter korrelieren","isPartOf":{"@id":"https:\/\/www.kontinenzzentrum.ch\/de\/#website"},"primaryImageOfPage":{"@id":"https:\/\/www.kontinenzzentrum.ch\/de\/blog\/detail\/inkontinenz-und-mobilitaet-im-alter-korrelieren.html#primaryimage"},"image":{"@id":"https:\/\/www.kontinenzzentrum.ch\/de\/blog\/detail\/inkontinenz-und-mobilitaet-im-alter-korrelieren.html#primaryimage"},"thumbnailUrl":"https:\/\/www.kontinenzzentrum.ch\/wp-content\/uploads\/adobestock_248688939-300x189.jpeg","datePublished":"2023-06-22T12:22:43+00:00","dateModified":"2023-06-22T12:24:44+00:00","breadcrumb":{"@id":"https:\/\/www.kontinenzzentrum.ch\/de\/blog\/detail\/inkontinenz-und-mobilitaet-im-alter-korrelieren.html#breadcrumb"},"inLanguage":"de","potentialAction":[{"@type":"ReadAction","target":["https:\/\/www.kontinenzzentrum.ch\/de\/blog\/detail\/inkontinenz-und-mobilitaet-im-alter-korrelieren.html"]}]},{"@type":"ImageObject","inLanguage":"de","@id":"https:\/\/www.kontinenzzentrum.ch\/de\/blog\/detail\/inkontinenz-und-mobilitaet-im-alter-korrelieren.html#primaryimage","url":"https:\/\/www.kontinenzzentrum.ch\/wp-content\/uploads\/adobestock_248688939-300x189.jpeg","contentUrl":"https:\/\/www.kontinenzzentrum.ch\/wp-content\/uploads\/adobestock_248688939-300x189.jpeg"},{"@type":"BreadcrumbList","@id":"https:\/\/www.kontinenzzentrum.ch\/de\/blog\/detail\/inkontinenz-und-mobilitaet-im-alter-korrelieren.html#breadcrumb","itemListElement":[{"@type":"ListItem","position":1,"name":"Startseite","item":"https:\/\/www.kontinenzzentrum.ch\/de"},{"@type":"ListItem","position":2,"name":"Inkontinenz und Mobilit\u00e4t im Alter korrelieren"}]},{"@type":"WebSite","@id":"https:\/\/www.kontinenzzentrum.ch\/de\/#website","url":"https:\/\/www.kontinenzzentrum.ch\/de\/","name":"KontinenzZentrum Hirslanden Z\u00fcrich","description":"KontinenzZentrum Hirslanden Z\u00fcrich: Blasenst\u00f6rungen & Inkontinenz","publisher":{"@id":"https:\/\/www.kontinenzzentrum.ch\/de\/#organization"},"potentialAction":[{"@type":"SearchAction","target":{"@type":"EntryPoint","urlTemplate":"https:\/\/www.kontinenzzentrum.ch\/de\/?s={search_term_string}"},"query-input":{"@type":"PropertyValueSpecification","valueRequired":true,"valueName":"search_term_string"}}],"inLanguage":"de"},{"@type":"Organization","@id":"https:\/\/www.kontinenzzentrum.ch\/de\/#organization","name":"KontinenzZentrum Hirslanden Z\u00fcrich","url":"https:\/\/www.kontinenzzentrum.ch\/de\/","logo":{"@type":"ImageObject","inLanguage":"de","@id":"https:\/\/www.kontinenzzentrum.ch\/de\/#\/schema\/logo\/image\/","url":"https:\/\/www.kontinenzzentrum.ch\/wp-content\/uploads\/Logo_KontinenzZentrum.png","contentUrl":"https:\/\/www.kontinenzzentrum.ch\/wp-content\/uploads\/Logo_KontinenzZentrum.png","width":800,"height":142,"caption":"KontinenzZentrum Hirslanden Z\u00fcrich"},"image":{"@id":"https:\/\/www.kontinenzzentrum.ch\/de\/#\/schema\/logo\/image\/"}},{"@type":"Person","@id":"https:\/\/www.kontinenzzentrum.ch\/de\/#\/schema\/person\/6ab2ae0180a38ad9565ede9d544ae09b","name":"Eva Reitz","url":"https:\/\/www.kontinenzzentrum.ch\/de\/blog\/detail\/author\/eva-reitz"}]}},"_links":{"self":[{"href":"https:\/\/www.kontinenzzentrum.ch\/de\/wp-json\/wp\/v2\/posts\/3254","targetHints":{"allow":["GET"]}}],"collection":[{"href":"https:\/\/www.kontinenzzentrum.ch\/de\/wp-json\/wp\/v2\/posts"}],"about":[{"href":"https:\/\/www.kontinenzzentrum.ch\/de\/wp-json\/wp\/v2\/types\/post"}],"author":[{"embeddable":true,"href":"https:\/\/www.kontinenzzentrum.ch\/de\/wp-json\/wp\/v2\/users\/2"}],"replies":[{"embeddable":true,"href":"https:\/\/www.kontinenzzentrum.ch\/de\/wp-json\/wp\/v2\/comments?post=3254"}],"version-history":[{"count":5,"href":"https:\/\/www.kontinenzzentrum.ch\/de\/wp-json\/wp\/v2\/posts\/3254\/revisions"}],"predecessor-version":[{"id":3259,"href":"https:\/\/www.kontinenzzentrum.ch\/de\/wp-json\/wp\/v2\/posts\/3254\/revisions\/3259"}],"wp:attachment":[{"href":"https:\/\/www.kontinenzzentrum.ch\/de\/wp-json\/wp\/v2\/media?parent=3254"}],"wp:term":[{"taxonomy":"category","embeddable":true,"href":"https:\/\/www.kontinenzzentrum.ch\/de\/wp-json\/wp\/v2\/categories?post=3254"},{"taxonomy":"post_tag","embeddable":true,"href":"https:\/\/www.kontinenzzentrum.ch\/de\/wp-json\/wp\/v2\/tags?post=3254"}],"curies":[{"name":"wp","href":"https:\/\/api.w.org\/{rel}","templated":true}]}}